{"id":3544,"date":"2025-10-27T11:38:41","date_gmt":"2025-10-27T10:38:41","guid":{"rendered":"https:\/\/bashkiakucove.gov.al\/?p=3544"},"modified":"2025-10-27T11:38:44","modified_gmt":"2025-10-27T10:38:44","slug":"festa-e-ullirit","status":"publish","type":"post","link":"https:\/\/bashkiakucove.gov.al\/?p=3544","title":{"rendered":"Festa e Ullirit!"},"content":{"rendered":"\n<p>Festa e Ullirit n\u00eb Perondi \u00ebsht\u00eb nj\u00eb ngjarje tradicionale q\u00eb kremton pasurin\u00eb bujq\u00ebsore dhe kultur\u00ebn e ullirit n\u00eb k\u00ebt\u00eb zon\u00eb. \u00c7do vit, banor\u00ebt dhe vizitor\u00ebt mblidhen p\u00ebr t\u00eb nderuar k\u00ebt\u00eb pem\u00eb simbol t\u00eb begatis\u00eb dhe pun\u00ebs s\u00eb ndershme. Gjat\u00eb fest\u00ebs zhvillohen panaire produktesh vendase, ekspozita, muzik\u00eb, valle popullore dhe degustime t\u00eb vajit t\u00eb fresk\u00ebt t\u00eb ullirit, duke e kthyer Perondin\u00eb n\u00eb nj\u00eb qend\u00ebr g\u00ebzimi, tradite dhe bashkimi komunitar.<\/p>\n\n\n\n<p><br><br><\/p>\n\n\n<div id=\"gutenslider-g389a498w\" class=\"wp-block-eedee-block-gutenslider gs-frontend content-change alignnone arrow-style-1 arrow-position-sides arrow-mb-none arrows-lg arrows-md arrows-sm dot-style-1 dots-lg dots-md dots-sm dot-position-bottom is-position-center-center mb-none wrap-auto-height\" data-parallax-direction=\"down\" data-parallax-amount=\"1.3\" data-lg-transition=\"lg-slide\" data-hash=\"\" ><div class=\"eedee-swiper-outer\" style=\"--gutenslider-min-height: 50vh;--gutenslider-arrow-size: 30px;--gutenslider-dot-size: 25px;--gutenslider-arrow-color: #ffffff;--gutenslider-dot-color: #ffffff;--gutenslider-padding-y-mobile: 40px;--gutenslider-padding-x-mobile: 40px;--gutenslider-padding-y-tablet: 40px;--gutenslider-padding-x-tablet: 40px;--gutenslider-padding-y-desktop: 40px;--gutenslider-padding-x-desktop: 40px;--gutenslider-bg-image: url();--gutenslider-min-height-md: 50vh;--gutenslider-min-height-sm: 50vh;--gutenslider-padding-x: 40px;--gutenslider-padding-x-md: 40px;--gutenslider-padding-x-sm: 20px;--gutenslider-padding-y: 40px;--gutenslider-padding-y-md: 40px;--gutenslider-padding-y-sm: 20px;--gutenslider-arrow-size-md: 30px;--gutenslider-arrow-size-sm: 30px;--gutenslider-dot-size-md: 25px;--gutenslider-dot-size-sm: 25px;--gutenslider-arrow-bg-color: transparent;--gutenslider-arrow-hover-color: #eeeeee;--gutenslider-arrow-bg-hover-color: transparent;--gutenslider-arrow-x-offset: 10px;--gutenslider-arrow-x-offset-md: 10px;--gutenslider-arrow-x-offset-sm: 10px;--gutenslider-arrow-y-offset: 0px;--gutenslider-arrow-y-offset-md: 0px;--gutenslider-arrow-y-offset-sm: 0px;--gutenslider-arrow-x-spacing: 0px;--gutenslider-dot-y-offset: 10px;--gutenslider-dot-y-offset-md: 10px;--gutenslider-dot-y-offset-sm: 10px;--gutenslider-margin-x: 0px;--gutenslider-margin-x-md: 0px;--gutenslider-margin-x-sm: 0px;--gutenslider-margin-y: 0px;--gutenslider-margin-y-md: 0px;--gutenslider-margin-y-sm: 0px;--gutenslider-divider-top: 60px;--gutenslider-divider-bottom: 60px;--gutenslider-lightgallery-bg: #ffffff;--gutenslider-lightgallery-font: #000000;--gs-first-pos: 50% 50%;--gs-gap-vertical: var( --wp--style--gallery-gap-default, var( --gallery-block--gutter-size, var( --wp--style--block-gap, 0.5em ) ) );--gs-gap-horizontal: var( --wp--style--gallery-gap-default, var( --gallery-block--gutter-size, var( --wp--style--block-gap, 0.5em ) ) );\"><div class=\"gutenslider-divider-top\" style=\"color:#fff;\"><\/div><div class=\"swiper\" data-settings='{\"autoplay\":{\"delay\":3000,\"pauseOnMouseEnter\":true,\"disableOnInteraction\":false},\"speed\":700,\"direction\":\"horizontal\",\"autoHeight\":\"\",\"loop\":true,\"centeredSlides\":true,\"spaceBetween\":0,\"slidesPerView\":1,\"slidesPerGroup\":1,\"effect\":\"slide\",\"coverflowEffect\":{\"rotate\":30,\"slideShadows\":false,\"depth\":100,\"stretch\":50,\"modifier\":1},\"fadeEffect\":{\"crossFade\":true},\"zoom\":\"\",\"navigation\":{\"nextEl\":\"#gutenslider-g389a498w .eedee-gutenslider-next\",\"prevEl\":\"#gutenslider-g389a498w .eedee-gutenslider-prev\"},\"pagination\":{\"type\":\"bullets\",\"clickable\":true,\"dynamicBullets\":false,\"el\":\"#gutenslider-g389a498w .eedee-gutenslider-pagination\"},\"pauseOnHover\":\"1\",\"watchSlidesProgress\":true,\"watchSlidesVisibility\":true,\"settingsMd\":{\"autoHeight\":\"\",\"slidesPerView\":1,\"slidesPerGroup\":1,\"spaceBetween\":0,\"loop\":true},\"settingsLg\":{\"autoHeight\":\"\",\"slidesPerView\":1,\"slidesPerGroup\":1,\"spaceBetween\":0,\"loop\":true},\"hasLg\":false,\"hasLgCounter\":true,\"isFullScreen\":false,\"arrowsFollowMouse\":false,\"lgTitle\":\"none\",\"lgCaption\":\"none\",\"lgThumbnails\":true,\"lgZoomEnabled\":false,\"keyboard\":{\"keyboard\":{\"enabled\":true,\"onlyInViewport\":true}},\"hashNavigation\":false,\"dividers\":false}'><div class=\"swiper-wrapper\">\n<div class=\"swiper-slide wp-block-eedee-block-gutenslide is-position-center-center ed-bg-image\" style=\"--ed-vw:300;--ed-vh:225;\" data-hash=\"\"><div class=\"eedee-background-div bg-image\"><img loading=\"lazy\" width=\"1024\" height=\"768\" class=\"wp-image-3545\" src=\"https:\/\/bashkiakucove.gov.al\/wp-content\/uploads\/2025\/10\/festa-e-ullirit-1024x768.jpg\" alt=\"\" decoding=\"async\" style=\"object-fit: cover; object-position: 50% 50%;\"  data-title=\"festa e ullirit\" srcset=\"https:\/\/bashkiakucove.gov.al\/wp-content\/uploads\/2025\/10\/festa-e-ullirit-1024x768.jpg 1024w, https:\/\/bashkiakucove.gov.al\/wp-content\/uploads\/2025\/10\/festa-e-ullirit-300x225.jpg 300w, https:\/\/bashkiakucove.gov.al\/wp-content\/uploads\/2025\/10\/festa-e-ullirit-768x576.jpg 768w, https:\/\/bashkiakucove.gov.al\/wp-content\/uploads\/2025\/10\/festa-e-ullirit-50x38.jpg 50w, https:\/\/bashkiakucove.gov.al\/wp-content\/uploads\/2025\/10\/festa-e-ullirit.jpg 1280w\" sizes=\"auto, (max-width: 1024px) 100vw, 1024px\" \/><div class=\"eedee-background-div__overlay\" style=\"opacity:1;\"><\/div><\/div><div class=\"slide-content\">\n\n<p class=\"has-text-align-center gutenslider-content-initial has-larger-font-size\"><\/p>\n\n<\/div><\/div>\n\n<div class=\"swiper-slide wp-block-eedee-block-gutenslide is-position-center-center ed-bg-image\" style=\"--ed-vw:300;--ed-vh:225;\" data-hash=\"\"><div class=\"eedee-background-div bg-image\"><img loading=\"lazy\" width=\"1024\" height=\"768\" class=\"wp-image-3546\" src=\"https:\/\/bashkiakucove.gov.al\/wp-content\/uploads\/2025\/10\/festa-e-ullirit.jpg1_-1024x768.jpg\" alt=\"\" decoding=\"async\" style=\"object-fit: cover; object-position: 50% 50%;\"  data-title=\"festa e ullirit.jpg1\" srcset=\"https:\/\/bashkiakucove.gov.al\/wp-content\/uploads\/2025\/10\/festa-e-ullirit.jpg1_-1024x768.jpg 1024w, https:\/\/bashkiakucove.gov.al\/wp-content\/uploads\/2025\/10\/festa-e-ullirit.jpg1_-300x225.jpg 300w, https:\/\/bashkiakucove.gov.al\/wp-content\/uploads\/2025\/10\/festa-e-ullirit.jpg1_-768x576.jpg 768w, https:\/\/bashkiakucove.gov.al\/wp-content\/uploads\/2025\/10\/festa-e-ullirit.jpg1_-50x38.jpg 50w, https:\/\/bashkiakucove.gov.al\/wp-content\/uploads\/2025\/10\/festa-e-ullirit.jpg1_.jpg 1280w\" sizes=\"auto, (max-width: 1024px) 100vw, 1024px\" \/><div class=\"eedee-background-div__overlay\" style=\"opacity:1;\"><\/div><\/div><div class=\"slide-content\">\n\n<p class=\"has-text-align-center gutenslider-content-initial has-larger-font-size\"><\/p>\n\n<\/div><\/div>\n\n<div class=\"swiper-slide wp-block-eedee-block-gutenslide is-position-center-center ed-bg-image\" style=\"--ed-vw:300;--ed-vh:225;\" data-hash=\"\"><div class=\"eedee-background-div bg-image\"><img loading=\"lazy\" width=\"1024\" height=\"768\" class=\"wp-image-3547\" src=\"https:\/\/bashkiakucove.gov.al\/wp-content\/uploads\/2025\/10\/festa-e-ullirit.jpg2_-1024x768.jpg\" alt=\"\" decoding=\"async\" style=\"object-fit: cover; object-position: 50% 50%;\"  data-title=\"festa e ullirit.jpg2\" srcset=\"https:\/\/bashkiakucove.gov.al\/wp-content\/uploads\/2025\/10\/festa-e-ullirit.jpg2_-1024x768.jpg 1024w, https:\/\/bashkiakucove.gov.al\/wp-content\/uploads\/2025\/10\/festa-e-ullirit.jpg2_-300x225.jpg 300w, https:\/\/bashkiakucove.gov.al\/wp-content\/uploads\/2025\/10\/festa-e-ullirit.jpg2_-768x576.jpg 768w, https:\/\/bashkiakucove.gov.al\/wp-content\/uploads\/2025\/10\/festa-e-ullirit.jpg2_-50x38.jpg 50w, https:\/\/bashkiakucove.gov.al\/wp-content\/uploads\/2025\/10\/festa-e-ullirit.jpg2_.jpg 1280w\" sizes=\"auto, (max-width: 1024px) 100vw, 1024px\" \/><div class=\"eedee-background-div__overlay\" style=\"opacity:1;\"><\/div><\/div><div class=\"slide-content\">\n\n<p class=\"has-text-align-center gutenslider-content-initial has-larger-font-size\"><\/p>\n\n<\/div><\/div>\n\n<div class=\"swiper-slide wp-block-eedee-block-gutenslide is-position-center-center ed-bg-image\" style=\"--ed-vw:300;--ed-vh:225;\" data-hash=\"\"><div class=\"eedee-background-div bg-image\"><img loading=\"lazy\" width=\"1024\" height=\"768\" class=\"wp-image-3548\" src=\"https:\/\/bashkiakucove.gov.al\/wp-content\/uploads\/2025\/10\/festa-e-ullirit.jpg3_-1024x768.jpg\" alt=\"\" decoding=\"async\" style=\"object-fit: cover; object-position: 50% 50%;\"  data-title=\"festa e ullirit.jpg3\" srcset=\"https:\/\/bashkiakucove.gov.al\/wp-content\/uploads\/2025\/10\/festa-e-ullirit.jpg3_-1024x768.jpg 1024w, https:\/\/bashkiakucove.gov.al\/wp-content\/uploads\/2025\/10\/festa-e-ullirit.jpg3_-300x225.jpg 300w, https:\/\/bashkiakucove.gov.al\/wp-content\/uploads\/2025\/10\/festa-e-ullirit.jpg3_-768x576.jpg 768w, https:\/\/bashkiakucove.gov.al\/wp-content\/uploads\/2025\/10\/festa-e-ullirit.jpg3_-50x38.jpg 50w, https:\/\/bashkiakucove.gov.al\/wp-content\/uploads\/2025\/10\/festa-e-ullirit.jpg3_.jpg 1280w\" sizes=\"auto, (max-width: 1024px) 100vw, 1024px\" \/><div class=\"eedee-background-div__overlay\" style=\"opacity:1;\"><\/div><\/div><div class=\"slide-content\">\n\n<p class=\"has-text-align-center gutenslider-content-initial has-larger-font-size\"><\/p>\n\n<\/div><\/div>\n\n<div class=\"swiper-slide wp-block-eedee-block-gutenslide is-position-center-center ed-bg-image\" style=\"--ed-vw:300;--ed-vh:225;\" data-hash=\"\"><div class=\"eedee-background-div bg-image\"><img loading=\"lazy\" width=\"1024\" height=\"768\" class=\"wp-image-3549\" src=\"https:\/\/bashkiakucove.gov.al\/wp-content\/uploads\/2025\/10\/festa-e-ullirit.jpg4_-1024x768.jpg\" alt=\"\" decoding=\"async\" style=\"object-fit: cover; object-position: 50% 50%;\"  data-title=\"festa e ullirit.jpg4\" srcset=\"https:\/\/bashkiakucove.gov.al\/wp-content\/uploads\/2025\/10\/festa-e-ullirit.jpg4_-1024x768.jpg 1024w, https:\/\/bashkiakucove.gov.al\/wp-content\/uploads\/2025\/10\/festa-e-ullirit.jpg4_-300x225.jpg 300w, https:\/\/bashkiakucove.gov.al\/wp-content\/uploads\/2025\/10\/festa-e-ullirit.jpg4_-768x576.jpg 768w, https:\/\/bashkiakucove.gov.al\/wp-content\/uploads\/2025\/10\/festa-e-ullirit.jpg4_-50x38.jpg 50w, https:\/\/bashkiakucove.gov.al\/wp-content\/uploads\/2025\/10\/festa-e-ullirit.jpg4_.jpg 1280w\" sizes=\"auto, (max-width: 1024px) 100vw, 1024px\" \/><div class=\"eedee-background-div__overlay\" style=\"opacity:1;\"><\/div><\/div><div class=\"slide-content\">\n\n<p class=\"has-text-align-center gutenslider-content-initial has-larger-font-size\"><\/p>\n\n<\/div><\/div>\n\n<div class=\"swiper-slide wp-block-eedee-block-gutenslide is-position-center-center ed-bg-image\" style=\"--ed-vw:300;--ed-vh:275;\" data-hash=\"\"><div class=\"eedee-background-div bg-image\"><img loading=\"lazy\" width=\"1024\" height=\"939\" class=\"wp-image-3550\" src=\"https:\/\/bashkiakucove.gov.al\/wp-content\/uploads\/2025\/10\/festa-e-ullirit.jpg5_-1024x939.jpg\" alt=\"\" decoding=\"async\" style=\"object-fit: cover; object-position: 50% 50%;\"  data-title=\"festa e ullirit.jpg5\" srcset=\"https:\/\/bashkiakucove.gov.al\/wp-content\/uploads\/2025\/10\/festa-e-ullirit.jpg5_-1024x939.jpg 1024w, https:\/\/bashkiakucove.gov.al\/wp-content\/uploads\/2025\/10\/festa-e-ullirit.jpg5_-300x275.jpg 300w, https:\/\/bashkiakucove.gov.al\/wp-content\/uploads\/2025\/10\/festa-e-ullirit.jpg5_-768x704.jpg 768w, https:\/\/bashkiakucove.gov.al\/wp-content\/uploads\/2025\/10\/festa-e-ullirit.jpg5_-50x46.jpg 50w, https:\/\/bashkiakucove.gov.al\/wp-content\/uploads\/2025\/10\/festa-e-ullirit.jpg5_.jpg 1047w\" sizes=\"auto, (max-width: 1024px) 100vw, 1024px\" \/><div class=\"eedee-background-div__overlay\" style=\"opacity:1;\"><\/div><\/div><div class=\"slide-content\">\n\n<p class=\"has-text-align-center gutenslider-content-initial has-larger-font-size\"><\/p>\n\n<\/div><\/div>\n\n<div class=\"swiper-slide wp-block-eedee-block-gutenslide is-position-center-center ed-bg-image\" style=\"--ed-vw:300;--ed-vh:225;\" data-hash=\"\"><div class=\"eedee-background-div bg-image\"><img loading=\"lazy\" width=\"1024\" height=\"768\" class=\"wp-image-3551\" src=\"https:\/\/bashkiakucove.gov.al\/wp-content\/uploads\/2025\/10\/festa-e-ullirit.jpg6_-1024x768.jpg\" alt=\"\" decoding=\"async\" style=\"object-fit: cover; object-position: 50% 50%;\"  data-title=\"festa e ullirit.jpg6\" srcset=\"https:\/\/bashkiakucove.gov.al\/wp-content\/uploads\/2025\/10\/festa-e-ullirit.jpg6_-1024x768.jpg 1024w, https:\/\/bashkiakucove.gov.al\/wp-content\/uploads\/2025\/10\/festa-e-ullirit.jpg6_-300x225.jpg 300w, https:\/\/bashkiakucove.gov.al\/wp-content\/uploads\/2025\/10\/festa-e-ullirit.jpg6_-768x576.jpg 768w, https:\/\/bashkiakucove.gov.al\/wp-content\/uploads\/2025\/10\/festa-e-ullirit.jpg6_-50x38.jpg 50w, https:\/\/bashkiakucove.gov.al\/wp-content\/uploads\/2025\/10\/festa-e-ullirit.jpg6_-1600x1200.jpg 1600w, https:\/\/bashkiakucove.gov.al\/wp-content\/uploads\/2025\/10\/festa-e-ullirit.jpg6_-1536x1152.jpg 1536w, https:\/\/bashkiakucove.gov.al\/wp-content\/uploads\/2025\/10\/festa-e-ullirit.jpg6_.jpg 2048w\" sizes=\"auto, (max-width: 1024px) 100vw, 1024px\" \/><div class=\"eedee-background-div__overlay\" style=\"opacity:1;\"><\/div><\/div><div class=\"slide-content\">\n\n<p class=\"has-text-align-center gutenslider-content-initial has-larger-font-size\"><\/p>\n\n<\/div><\/div>\n\n<div class=\"swiper-slide wp-block-eedee-block-gutenslide is-position-center-center ed-bg-image\" style=\"--ed-vw:300;--ed-vh:225;\" data-hash=\"\"><div class=\"eedee-background-div bg-image\"><img loading=\"lazy\" width=\"1024\" height=\"768\" class=\"wp-image-3552\" src=\"https:\/\/bashkiakucove.gov.al\/wp-content\/uploads\/2025\/10\/festa-e-ullirit.jpg7_-1024x768.jpg\" alt=\"\" decoding=\"async\" style=\"object-fit: cover; object-position: 50% 50%;\"  data-title=\"festa e ullirit.jpg7\" srcset=\"https:\/\/bashkiakucove.gov.al\/wp-content\/uploads\/2025\/10\/festa-e-ullirit.jpg7_-1024x768.jpg 1024w, https:\/\/bashkiakucove.gov.al\/wp-content\/uploads\/2025\/10\/festa-e-ullirit.jpg7_-300x225.jpg 300w, https:\/\/bashkiakucove.gov.al\/wp-content\/uploads\/2025\/10\/festa-e-ullirit.jpg7_-768x576.jpg 768w, https:\/\/bashkiakucove.gov.al\/wp-content\/uploads\/2025\/10\/festa-e-ullirit.jpg7_-50x38.jpg 50w, https:\/\/bashkiakucove.gov.al\/wp-content\/uploads\/2025\/10\/festa-e-ullirit.jpg7_.jpg 1280w\" sizes=\"auto, (max-width: 1024px) 100vw, 1024px\" \/><div class=\"eedee-background-div__overlay\" style=\"opacity:1;\"><\/div><\/div><div class=\"slide-content\">\n\n<p class=\"has-text-align-center gutenslider-content-initial has-larger-font-size\"><\/p>\n\n<\/div><\/div>\n\n<div class=\"swiper-slide wp-block-eedee-block-gutenslide is-position-center-center ed-bg-image\" style=\"--ed-vw:300;--ed-vh:165;\" data-hash=\"\"><div class=\"eedee-background-div bg-image\"><img loading=\"lazy\" width=\"1024\" height=\"563\" class=\"wp-image-3553\" src=\"https:\/\/bashkiakucove.gov.al\/wp-content\/uploads\/2025\/10\/festa-e-ullirit.jpg8_-1024x563.jpg\" alt=\"\" decoding=\"async\" style=\"object-fit: cover; object-position: 50% 50%;\"  data-title=\"festa e ullirit.jpg8\" srcset=\"https:\/\/bashkiakucove.gov.al\/wp-content\/uploads\/2025\/10\/festa-e-ullirit.jpg8_-1024x563.jpg 1024w, https:\/\/bashkiakucove.gov.al\/wp-content\/uploads\/2025\/10\/festa-e-ullirit.jpg8_-300x165.jpg 300w, https:\/\/bashkiakucove.gov.al\/wp-content\/uploads\/2025\/10\/festa-e-ullirit.jpg8_-768x422.jpg 768w, https:\/\/bashkiakucove.gov.al\/wp-content\/uploads\/2025\/10\/festa-e-ullirit.jpg8_-50x28.jpg 50w, https:\/\/bashkiakucove.gov.al\/wp-content\/uploads\/2025\/10\/festa-e-ullirit.jpg8_.jpg 1280w\" sizes=\"auto, (max-width: 1024px) 100vw, 1024px\" \/><div class=\"eedee-background-div__overlay\" style=\"opacity:1;\"><\/div><\/div><div class=\"slide-content\">\n\n<p class=\"has-text-align-center gutenslider-content-initial has-larger-font-size\"><\/p>\n\n<\/div><\/div>\n\n<div class=\"swiper-slide wp-block-eedee-block-gutenslide is-position-center-center ed-bg-image\" style=\"--ed-vw:300;--ed-vh:225;\" data-hash=\"\"><div class=\"eedee-background-div bg-image\"><img loading=\"lazy\" width=\"1024\" height=\"768\" class=\"wp-image-3554\" src=\"https:\/\/bashkiakucove.gov.al\/wp-content\/uploads\/2025\/10\/festa-e-ullirit.jpg9_-1024x768.jpg\" alt=\"\" decoding=\"async\" style=\"object-fit: cover; object-position: 50% 50%;\"  data-title=\"festa e ullirit.jpg9\" srcset=\"https:\/\/bashkiakucove.gov.al\/wp-content\/uploads\/2025\/10\/festa-e-ullirit.jpg9_-1024x768.jpg 1024w, https:\/\/bashkiakucove.gov.al\/wp-content\/uploads\/2025\/10\/festa-e-ullirit.jpg9_-300x225.jpg 300w, https:\/\/bashkiakucove.gov.al\/wp-content\/uploads\/2025\/10\/festa-e-ullirit.jpg9_-768x576.jpg 768w, https:\/\/bashkiakucove.gov.al\/wp-content\/uploads\/2025\/10\/festa-e-ullirit.jpg9_-50x38.jpg 50w, https:\/\/bashkiakucove.gov.al\/wp-content\/uploads\/2025\/10\/festa-e-ullirit.jpg9_.jpg 1280w\" sizes=\"auto, (max-width: 1024px) 100vw, 1024px\" \/><div class=\"eedee-background-div__overlay\" style=\"opacity:1;\"><\/div><\/div><div class=\"slide-content\">\n\n<p class=\"has-text-align-center gutenslider-content-initial has-larger-font-size\"><\/p>\n\n<\/div><\/div>\n\n<div class=\"swiper-slide wp-block-eedee-block-gutenslide is-position-center-center ed-bg-image\" style=\"--ed-vw:300;--ed-vh:169;\" data-hash=\"\"><div class=\"eedee-background-div bg-image\"><img loading=\"lazy\" width=\"1024\" height=\"576\" class=\"wp-image-3555\" src=\"https:\/\/bashkiakucove.gov.al\/wp-content\/uploads\/2025\/10\/festa-e-ullirit.jpg10-1024x576.jpg\" alt=\"\" decoding=\"async\" style=\"object-fit: cover; object-position: 50% 50%;\"  data-title=\"festa e ullirit.jpg10\" srcset=\"https:\/\/bashkiakucove.gov.al\/wp-content\/uploads\/2025\/10\/festa-e-ullirit.jpg10-1024x576.jpg 1024w, https:\/\/bashkiakucove.gov.al\/wp-content\/uploads\/2025\/10\/festa-e-ullirit.jpg10-300x169.jpg 300w, https:\/\/bashkiakucove.gov.al\/wp-content\/uploads\/2025\/10\/festa-e-ullirit.jpg10-768x432.jpg 768w, https:\/\/bashkiakucove.gov.al\/wp-content\/uploads\/2025\/10\/festa-e-ullirit.jpg10-50x28.jpg 50w, https:\/\/bashkiakucove.gov.al\/wp-content\/uploads\/2025\/10\/festa-e-ullirit.jpg10.jpg 1280w\" sizes=\"auto, (max-width: 1024px) 100vw, 1024px\" \/><div class=\"eedee-background-div__overlay\" style=\"opacity:1;\"><\/div><\/div><div class=\"slide-content\">\n\n<p class=\"has-text-align-center gutenslider-content-initial has-larger-font-size\"><\/p>\n\n<\/div><\/div>\n\n<div class=\"swiper-slide wp-block-eedee-block-gutenslide is-position-center-center ed-bg-image\" style=\"--ed-vw:300;--ed-vh:225;\" data-hash=\"\"><div class=\"eedee-background-div bg-image\"><img loading=\"lazy\" width=\"1024\" height=\"768\" class=\"wp-image-3556\" src=\"https:\/\/bashkiakucove.gov.al\/wp-content\/uploads\/2025\/10\/festa-e-ullirit.jpg11-1024x768.jpg\" alt=\"\" decoding=\"async\" style=\"object-fit: cover; object-position: 50% 50%;\"  data-title=\"festa e ullirit.jpg11\" srcset=\"https:\/\/bashkiakucove.gov.al\/wp-content\/uploads\/2025\/10\/festa-e-ullirit.jpg11-1024x768.jpg 1024w, https:\/\/bashkiakucove.gov.al\/wp-content\/uploads\/2025\/10\/festa-e-ullirit.jpg11-300x225.jpg 300w, https:\/\/bashkiakucove.gov.al\/wp-content\/uploads\/2025\/10\/festa-e-ullirit.jpg11-768x576.jpg 768w, https:\/\/bashkiakucove.gov.al\/wp-content\/uploads\/2025\/10\/festa-e-ullirit.jpg11-50x38.jpg 50w, https:\/\/bashkiakucove.gov.al\/wp-content\/uploads\/2025\/10\/festa-e-ullirit.jpg11.jpg 1280w\" sizes=\"auto, (max-width: 1024px) 100vw, 1024px\" \/><div class=\"eedee-background-div__overlay\" style=\"opacity:1;\"><\/div><\/div><div class=\"slide-content\">\n\n<p class=\"has-text-align-center gutenslider-content-initial has-larger-font-size\"><\/p>\n\n<\/div><\/div>\n\n<div class=\"swiper-slide wp-block-eedee-block-gutenslide is-position-center-center ed-bg-image\" style=\"--ed-vw:300;--ed-vh:225;\" data-hash=\"\"><div class=\"eedee-background-div bg-image\"><img loading=\"lazy\" width=\"1024\" height=\"768\" class=\"wp-image-3557\" src=\"https:\/\/bashkiakucove.gov.al\/wp-content\/uploads\/2025\/10\/festa-e-ullirit.jpg12-1024x768.jpg\" alt=\"\" decoding=\"async\" style=\"object-fit: cover; object-position: 50% 50%;\"  data-title=\"festa e ullirit.jpg12\" srcset=\"https:\/\/bashkiakucove.gov.al\/wp-content\/uploads\/2025\/10\/festa-e-ullirit.jpg12-1024x768.jpg 1024w, https:\/\/bashkiakucove.gov.al\/wp-content\/uploads\/2025\/10\/festa-e-ullirit.jpg12-300x225.jpg 300w, https:\/\/bashkiakucove.gov.al\/wp-content\/uploads\/2025\/10\/festa-e-ullirit.jpg12-768x576.jpg 768w, https:\/\/bashkiakucove.gov.al\/wp-content\/uploads\/2025\/10\/festa-e-ullirit.jpg12-50x38.jpg 50w, https:\/\/bashkiakucove.gov.al\/wp-content\/uploads\/2025\/10\/festa-e-ullirit.jpg12.jpg 1280w\" sizes=\"auto, (max-width: 1024px) 100vw, 1024px\" \/><div class=\"eedee-background-div__overlay\" style=\"opacity:1;\"><\/div><\/div><div class=\"slide-content\">\n\n<p class=\"has-text-align-center gutenslider-content-initial has-larger-font-size\"><\/p>\n\n<\/div><\/div>\n\n<div class=\"swiper-slide wp-block-eedee-block-gutenslide is-position-center-center ed-bg-image\" style=\"--ed-vw:300;--ed-vh:225;\" data-hash=\"\"><div class=\"eedee-background-div bg-image\"><img loading=\"lazy\" width=\"1024\" height=\"768\" class=\"wp-image-3558\" src=\"https:\/\/bashkiakucove.gov.al\/wp-content\/uploads\/2025\/10\/festa-e-ullirit.jpg13-1024x768.jpg\" alt=\"\" decoding=\"async\" style=\"object-fit: cover; object-position: 50% 50%;\"  data-title=\"festa e ullirit.jpg13\" srcset=\"https:\/\/bashkiakucove.gov.al\/wp-content\/uploads\/2025\/10\/festa-e-ullirit.jpg13-1024x768.jpg 1024w, https:\/\/bashkiakucove.gov.al\/wp-content\/uploads\/2025\/10\/festa-e-ullirit.jpg13-300x225.jpg 300w, https:\/\/bashkiakucove.gov.al\/wp-content\/uploads\/2025\/10\/festa-e-ullirit.jpg13-768x576.jpg 768w, https:\/\/bashkiakucove.gov.al\/wp-content\/uploads\/2025\/10\/festa-e-ullirit.jpg13-50x38.jpg 50w, https:\/\/bashkiakucove.gov.al\/wp-content\/uploads\/2025\/10\/festa-e-ullirit.jpg13.jpg 1280w\" sizes=\"auto, (max-width: 1024px) 100vw, 1024px\" \/><div class=\"eedee-background-div__overlay\" style=\"opacity:1;\"><\/div><\/div><div class=\"slide-content\">\n\n<p class=\"has-text-align-center gutenslider-content-initial has-larger-font-size\"><\/p>\n\n<\/div><\/div>\n\n<div class=\"swiper-slide wp-block-eedee-block-gutenslide is-position-center-center ed-bg-image\" style=\"--ed-vw:300;--ed-vh:225;\" data-hash=\"\"><div class=\"eedee-background-div bg-image\"><img loading=\"lazy\" width=\"1024\" height=\"768\" class=\"wp-image-3559\" src=\"https:\/\/bashkiakucove.gov.al\/wp-content\/uploads\/2025\/10\/festa-e-ullirit.jpg14-1024x768.jpg\" alt=\"\" decoding=\"async\" style=\"object-fit: cover; object-position: 50% 50%;\"  data-title=\"festa e ullirit.jpg14\" srcset=\"https:\/\/bashkiakucove.gov.al\/wp-content\/uploads\/2025\/10\/festa-e-ullirit.jpg14-1024x768.jpg 1024w, https:\/\/bashkiakucove.gov.al\/wp-content\/uploads\/2025\/10\/festa-e-ullirit.jpg14-300x225.jpg 300w, https:\/\/bashkiakucove.gov.al\/wp-content\/uploads\/2025\/10\/festa-e-ullirit.jpg14-768x576.jpg 768w, https:\/\/bashkiakucove.gov.al\/wp-content\/uploads\/2025\/10\/festa-e-ullirit.jpg14-50x38.jpg 50w, https:\/\/bashkiakucove.gov.al\/wp-content\/uploads\/2025\/10\/festa-e-ullirit.jpg14.jpg 1280w\" sizes=\"auto, (max-width: 1024px) 100vw, 1024px\" \/><div class=\"eedee-background-div__overlay\" style=\"opacity:1;\"><\/div><\/div><div class=\"slide-content\">\n\n<p class=\"has-text-align-center gutenslider-content-initial has-larger-font-size\"><\/p>\n\n<\/div><\/div>\n\n<div class=\"swiper-slide wp-block-eedee-block-gutenslide is-position-center-center ed-bg-image\" style=\"--ed-vw:300;--ed-vh:225;\" data-hash=\"\"><div class=\"eedee-background-div bg-image\"><img loading=\"lazy\" width=\"1024\" height=\"768\" class=\"wp-image-3560\" src=\"https:\/\/bashkiakucove.gov.al\/wp-content\/uploads\/2025\/10\/festa-e-ullirit.jpg15-1024x768.jpg\" alt=\"\" decoding=\"async\" style=\"object-fit: cover; object-position: 50% 50%;\"  data-title=\"festa e ullirit.jpg15\" srcset=\"https:\/\/bashkiakucove.gov.al\/wp-content\/uploads\/2025\/10\/festa-e-ullirit.jpg15-1024x768.jpg 1024w, https:\/\/bashkiakucove.gov.al\/wp-content\/uploads\/2025\/10\/festa-e-ullirit.jpg15-300x225.jpg 300w, https:\/\/bashkiakucove.gov.al\/wp-content\/uploads\/2025\/10\/festa-e-ullirit.jpg15-768x576.jpg 768w, https:\/\/bashkiakucove.gov.al\/wp-content\/uploads\/2025\/10\/festa-e-ullirit.jpg15-50x38.jpg 50w, https:\/\/bashkiakucove.gov.al\/wp-content\/uploads\/2025\/10\/festa-e-ullirit.jpg15.jpg 1280w\" sizes=\"auto, (max-width: 1024px) 100vw, 1024px\" \/><div class=\"eedee-background-div__overlay\" style=\"opacity:1;\"><\/div><\/div><div class=\"slide-content\">\n\n<p class=\"has-text-align-center gutenslider-content-initial has-larger-font-size\"><\/p>\n\n<\/div><\/div>\n\n<div class=\"swiper-slide wp-block-eedee-block-gutenslide is-position-center-center ed-bg-image\" style=\"--ed-vw:300;--ed-vh:225;\" data-hash=\"\"><div class=\"eedee-background-div bg-image\"><img loading=\"lazy\" width=\"1024\" height=\"768\" class=\"wp-image-3561\" src=\"https:\/\/bashkiakucove.gov.al\/wp-content\/uploads\/2025\/10\/festa-e-ullirit.jpg16-1024x768.jpg\" alt=\"\" decoding=\"async\" style=\"object-fit: cover; object-position: 50% 50%;\"  data-title=\"festa e ullirit.jpg16\" srcset=\"https:\/\/bashkiakucove.gov.al\/wp-content\/uploads\/2025\/10\/festa-e-ullirit.jpg16-1024x768.jpg 1024w, https:\/\/bashkiakucove.gov.al\/wp-content\/uploads\/2025\/10\/festa-e-ullirit.jpg16-300x225.jpg 300w, https:\/\/bashkiakucove.gov.al\/wp-content\/uploads\/2025\/10\/festa-e-ullirit.jpg16-768x576.jpg 768w, https:\/\/bashkiakucove.gov.al\/wp-content\/uploads\/2025\/10\/festa-e-ullirit.jpg16-50x38.jpg 50w, https:\/\/bashkiakucove.gov.al\/wp-content\/uploads\/2025\/10\/festa-e-ullirit.jpg16.jpg 1280w\" sizes=\"auto, (max-width: 1024px) 100vw, 1024px\" \/><div class=\"eedee-background-div__overlay\" style=\"opacity:1;\"><\/div><\/div><div class=\"slide-content\">\n\n<p class=\"has-text-align-center gutenslider-content-initial has-larger-font-size\"><\/p>\n\n<\/div><\/div>\n\n<div class=\"swiper-slide wp-block-eedee-block-gutenslide is-position-center-center ed-bg-image\" style=\"--ed-vw:300;--ed-vh:225;\" data-hash=\"\"><div class=\"eedee-background-div bg-image\"><img loading=\"lazy\" width=\"1024\" height=\"768\" class=\"wp-image-3562\" src=\"https:\/\/bashkiakucove.gov.al\/wp-content\/uploads\/2025\/10\/festa-e-ullirit.jpg17-1024x768.jpg\" alt=\"\" decoding=\"async\" style=\"object-fit: cover; object-position: 50% 50%;\"  data-title=\"festa e ullirit.jpg17\" srcset=\"https:\/\/bashkiakucove.gov.al\/wp-content\/uploads\/2025\/10\/festa-e-ullirit.jpg17-1024x768.jpg 1024w, https:\/\/bashkiakucove.gov.al\/wp-content\/uploads\/2025\/10\/festa-e-ullirit.jpg17-300x225.jpg 300w, https:\/\/bashkiakucove.gov.al\/wp-content\/uploads\/2025\/10\/festa-e-ullirit.jpg17-768x576.jpg 768w, https:\/\/bashkiakucove.gov.al\/wp-content\/uploads\/2025\/10\/festa-e-ullirit.jpg17-50x38.jpg 50w, https:\/\/bashkiakucove.gov.al\/wp-content\/uploads\/2025\/10\/festa-e-ullirit.jpg17-1600x1200.jpg 1600w, https:\/\/bashkiakucove.gov.al\/wp-content\/uploads\/2025\/10\/festa-e-ullirit.jpg17-1536x1152.jpg 1536w, https:\/\/bashkiakucove.gov.al\/wp-content\/uploads\/2025\/10\/festa-e-ullirit.jpg17.jpg 2048w\" sizes=\"auto, (max-width: 1024px) 100vw, 1024px\" \/><div class=\"eedee-background-div__overlay\" style=\"opacity:1;\"><\/div><\/div><div class=\"slide-content\">\n\n<p class=\"has-text-align-center gutenslider-content-initial has-larger-font-size\"><\/p>\n\n<\/div><\/div>\n<\/div><\/div><button class=\"eedee-gutenslider-nav eedee-gutenslider-prev\"><svg xmlns=\"http:\/\/www.w3.org\/2000\/svg\" viewBox=\"0 0 24 24\" width=\"24\" height=\"24\"><circle class=\"bg\" cx=\"13\" cy=\"12\" r=\"11\" \/><path fill=\"none\" d=\"M0 0h24v24H0z\"\/><path class=\"arrow\" d=\"M10.828 12l4.95 4.95-1.414 1.414L8 12l6.364-6.364 1.414 1.414z\"\/><\/svg><\/button><button class=\"eedee-gutenslider-nav eedee-gutenslider-next\"><svg xmlns=\"http:\/\/www.w3.org\/2000\/svg\" viewBox=\"0 0 24 24\" width=\"24\" height=\"24\"><circle class=\"bg\" cx=\"11\" cy=\"12\" r=\"11\" \/><path fill=\"none\" d=\"M0 0h24v24H0z\"\/><path class=\"arrow\" d=\"M13.172 12l-4.95-4.95 1.414-1.414L16 12l-6.364 6.364-1.414-1.414z\"\/><\/svg><\/button><div class=\"eedee-gutenslider-pagination\"><\/div><div class=\"gutenslider-divider-bottom \" style=\"color:#fff;\"><\/div><\/div><\/div>","protected":false},"excerpt":{"rendered":"<p>Festa e Ullirit n\u00eb Perondi \u00ebsht\u00eb nj\u00eb ngjarje tradicionale q\u00eb kremton pasurin\u00eb bujq\u00ebsore dhe kultur\u00ebn e ullirit n\u00eb k\u00ebt\u00eb zon\u00eb. \u00c7do vit, banor\u00ebt dhe vizitor\u00ebt mblidhen p\u00ebr t\u00eb nderuar k\u00ebt\u00eb pem\u00eb simbol t\u00eb begatis\u00eb dhe pun\u00ebs s\u00eb ndershme. Gjat\u00eb fest\u00ebs zhvillohen panaire produktesh vendase, ekspozita, muzik\u00eb, valle popullore dhe degustime t\u00eb vajit t\u00eb fresk\u00ebt t\u00eb [&hellip;]<\/p>\n","protected":false},"author":1,"featured_media":3553,"comment_status":"open","ping_status":"closed","sticky":false,"template":"","format":"standard","meta":{"_acf_changed":false,"footnotes":""},"categories":[161],"tags":[],"class_list":["post-3544","post","type-post","status-publish","format-standard","has-post-thumbnail","hentry","category-aktivitete"],"acf":[],"yoast_head":"<!-- This site is optimized with the Yoast SEO plugin v27.3 - https:\/\/yoast.com\/product\/yoast-seo-wordpress\/ -->\n<title>Festa e Ullirit! - Bashkia Kucove<\/title>\n<meta name=\"description\" content=\"Festa e Ullirit n\u00eb Perondi \u00ebsht\u00eb nj\u00eb ngjarje tradicionale q\u00eb kremton pasurin\u00eb bujq\u00ebsore dhe kultur\u00ebn e ullirit n\u00eb k\u00ebt\u00eb zon\u00eb. \u00c7do vit, banor\u00ebt dhe vizitor\u00ebt mblidhen p\u00ebr t\u00eb nderuar k\u00ebt\u00eb pem\u00eb simbol t\u00eb begatis\u00eb dhe pun\u00ebs s\u00eb ndershme. Gjat\u00eb fest\u00ebs zhvillohen panaire produktesh vendase, ekspozita, muzik\u00eb, valle popullore dhe degustime t\u00eb vajit t\u00eb fresk\u00ebt t\u00eb ullirit, duke e kthyer Perondin\u00eb n\u00eb nj\u00eb qend\u00ebr g\u00ebzimi, tradite dhe bashkimi komunitar.\" \/>\n<meta name=\"robots\" content=\"index, follow, max-snippet:-1, max-image-preview:large, max-video-preview:-1\" \/>\n<link rel=\"canonical\" href=\"https:\/\/bashkiakucove.gov.al\/?p=3544\" \/>\n<meta property=\"og:locale\" content=\"en_US\" \/>\n<meta property=\"og:type\" content=\"article\" \/>\n<meta property=\"og:title\" content=\"Festa e Ullirit! - Bashkia Kucove\" \/>\n<meta property=\"og:description\" content=\"Festa e Ullirit n\u00eb Perondi \u00ebsht\u00eb nj\u00eb ngjarje tradicionale q\u00eb kremton pasurin\u00eb bujq\u00ebsore dhe kultur\u00ebn e ullirit n\u00eb k\u00ebt\u00eb zon\u00eb. \u00c7do vit, banor\u00ebt dhe vizitor\u00ebt mblidhen p\u00ebr t\u00eb nderuar k\u00ebt\u00eb pem\u00eb simbol t\u00eb begatis\u00eb dhe pun\u00ebs s\u00eb ndershme. Gjat\u00eb fest\u00ebs zhvillohen panaire produktesh vendase, ekspozita, muzik\u00eb, valle popullore dhe degustime t\u00eb vajit t\u00eb fresk\u00ebt t\u00eb ullirit, duke e kthyer Perondin\u00eb n\u00eb nj\u00eb qend\u00ebr g\u00ebzimi, tradite dhe bashkimi komunitar.\" \/>\n<meta property=\"og:url\" content=\"https:\/\/bashkiakucove.gov.al\/?p=3544\" \/>\n<meta property=\"og:site_name\" content=\"Bashkia Kucove\" \/>\n<meta property=\"article:published_time\" content=\"2025-10-27T10:38:41+00:00\" \/>\n<meta property=\"article:modified_time\" content=\"2025-10-27T10:38:44+00:00\" \/>\n<meta property=\"og:image\" content=\"https:\/\/bashkiakucove.gov.al\/wp-content\/uploads\/2025\/10\/festa-e-ullirit.jpg8_.jpg\" \/>\n\t<meta property=\"og:image:width\" content=\"1280\" \/>\n\t<meta property=\"og:image:height\" content=\"704\" \/>\n\t<meta property=\"og:image:type\" content=\"image\/jpeg\" \/>\n<meta name=\"author\" content=\"adminbashkia\" \/>\n<meta name=\"twitter:card\" content=\"summary_large_image\" \/>\n<meta name=\"twitter:label1\" content=\"Written by\" \/>\n\t<meta name=\"twitter:data1\" content=\"adminbashkia\" \/>\n\t<meta name=\"twitter:label2\" content=\"Est. reading time\" \/>\n\t<meta name=\"twitter:data2\" content=\"1 minute\" \/>\n<script type=\"application\/ld+json\" class=\"yoast-schema-graph\">{\"@context\":\"https:\\\/\\\/schema.org\",\"@graph\":[{\"@type\":\"Article\",\"@id\":\"https:\\\/\\\/bashkiakucove.gov.al\\\/?p=3544#article\",\"isPartOf\":{\"@id\":\"https:\\\/\\\/bashkiakucove.gov.al\\\/?p=3544\"},\"author\":{\"name\":\"adminbashkia\",\"@id\":\"https:\\\/\\\/bashkiakucove.gov.al\\\/#\\\/schema\\\/person\\\/cb3f6928b40516cdd8179bc89261a124\"},\"headline\":\"Festa e Ullirit!\",\"datePublished\":\"2025-10-27T10:38:41+00:00\",\"dateModified\":\"2025-10-27T10:38:44+00:00\",\"mainEntityOfPage\":{\"@id\":\"https:\\\/\\\/bashkiakucove.gov.al\\\/?p=3544\"},\"wordCount\":83,\"commentCount\":0,\"image\":{\"@id\":\"https:\\\/\\\/bashkiakucove.gov.al\\\/?p=3544#primaryimage\"},\"thumbnailUrl\":\"https:\\\/\\\/bashkiakucove.gov.al\\\/wp-content\\\/uploads\\\/2025\\\/10\\\/festa-e-ullirit.jpg8_.jpg\",\"articleSection\":[\"Aktivitete\"],\"inLanguage\":\"en-US\",\"potentialAction\":[{\"@type\":\"CommentAction\",\"name\":\"Comment\",\"target\":[\"https:\\\/\\\/bashkiakucove.gov.al\\\/?p=3544#respond\"]}]},{\"@type\":\"WebPage\",\"@id\":\"https:\\\/\\\/bashkiakucove.gov.al\\\/?p=3544\",\"url\":\"https:\\\/\\\/bashkiakucove.gov.al\\\/?p=3544\",\"name\":\"Festa e Ullirit! - Bashkia Kucove\",\"isPartOf\":{\"@id\":\"https:\\\/\\\/bashkiakucove.gov.al\\\/#website\"},\"primaryImageOfPage\":{\"@id\":\"https:\\\/\\\/bashkiakucove.gov.al\\\/?p=3544#primaryimage\"},\"image\":{\"@id\":\"https:\\\/\\\/bashkiakucove.gov.al\\\/?p=3544#primaryimage\"},\"thumbnailUrl\":\"https:\\\/\\\/bashkiakucove.gov.al\\\/wp-content\\\/uploads\\\/2025\\\/10\\\/festa-e-ullirit.jpg8_.jpg\",\"datePublished\":\"2025-10-27T10:38:41+00:00\",\"dateModified\":\"2025-10-27T10:38:44+00:00\",\"author\":{\"@id\":\"https:\\\/\\\/bashkiakucove.gov.al\\\/#\\\/schema\\\/person\\\/cb3f6928b40516cdd8179bc89261a124\"},\"description\":\"Festa e Ullirit n\u00eb Perondi \u00ebsht\u00eb nj\u00eb ngjarje tradicionale q\u00eb kremton pasurin\u00eb bujq\u00ebsore dhe kultur\u00ebn e ullirit n\u00eb k\u00ebt\u00eb zon\u00eb. \u00c7do vit, banor\u00ebt dhe vizitor\u00ebt mblidhen p\u00ebr t\u00eb nderuar k\u00ebt\u00eb pem\u00eb simbol t\u00eb begatis\u00eb dhe pun\u00ebs s\u00eb ndershme. Gjat\u00eb fest\u00ebs zhvillohen panaire produktesh vendase, ekspozita, muzik\u00eb, valle popullore dhe degustime t\u00eb vajit t\u00eb fresk\u00ebt t\u00eb ullirit, duke e kthyer Perondin\u00eb n\u00eb nj\u00eb qend\u00ebr g\u00ebzimi, tradite dhe bashkimi komunitar.\",\"breadcrumb\":{\"@id\":\"https:\\\/\\\/bashkiakucove.gov.al\\\/?p=3544#breadcrumb\"},\"inLanguage\":\"en-US\",\"potentialAction\":[{\"@type\":\"ReadAction\",\"target\":[\"https:\\\/\\\/bashkiakucove.gov.al\\\/?p=3544\"]}]},{\"@type\":\"ImageObject\",\"inLanguage\":\"en-US\",\"@id\":\"https:\\\/\\\/bashkiakucove.gov.al\\\/?p=3544#primaryimage\",\"url\":\"https:\\\/\\\/bashkiakucove.gov.al\\\/wp-content\\\/uploads\\\/2025\\\/10\\\/festa-e-ullirit.jpg8_.jpg\",\"contentUrl\":\"https:\\\/\\\/bashkiakucove.gov.al\\\/wp-content\\\/uploads\\\/2025\\\/10\\\/festa-e-ullirit.jpg8_.jpg\",\"width\":1280,\"height\":704},{\"@type\":\"BreadcrumbList\",\"@id\":\"https:\\\/\\\/bashkiakucove.gov.al\\\/?p=3544#breadcrumb\",\"itemListElement\":[{\"@type\":\"ListItem\",\"position\":1,\"name\":\"Home\",\"item\":\"https:\\\/\\\/bashkiakucove.gov.al\\\/\"},{\"@type\":\"ListItem\",\"position\":2,\"name\":\"Festa e Ullirit!\"}]},{\"@type\":\"WebSite\",\"@id\":\"https:\\\/\\\/bashkiakucove.gov.al\\\/#website\",\"url\":\"https:\\\/\\\/bashkiakucove.gov.al\\\/\",\"name\":\"Bashkia Kucove\",\"description\":\"Bashkia Kucove\",\"potentialAction\":[{\"@type\":\"SearchAction\",\"target\":{\"@type\":\"EntryPoint\",\"urlTemplate\":\"https:\\\/\\\/bashkiakucove.gov.al\\\/?s={search_term_string}\"},\"query-input\":{\"@type\":\"PropertyValueSpecification\",\"valueRequired\":true,\"valueName\":\"search_term_string\"}}],\"inLanguage\":\"en-US\"},{\"@type\":\"Person\",\"@id\":\"https:\\\/\\\/bashkiakucove.gov.al\\\/#\\\/schema\\\/person\\\/cb3f6928b40516cdd8179bc89261a124\",\"name\":\"adminbashkia\",\"image\":{\"@type\":\"ImageObject\",\"inLanguage\":\"en-US\",\"@id\":\"https:\\\/\\\/secure.gravatar.com\\\/avatar\\\/832353fa8e503ffd080be0beaa6e904e056cff0a4096d9b880d6c0488eea96ab?s=96&d=mm&r=g\",\"url\":\"https:\\\/\\\/secure.gravatar.com\\\/avatar\\\/832353fa8e503ffd080be0beaa6e904e056cff0a4096d9b880d6c0488eea96ab?s=96&d=mm&r=g\",\"contentUrl\":\"https:\\\/\\\/secure.gravatar.com\\\/avatar\\\/832353fa8e503ffd080be0beaa6e904e056cff0a4096d9b880d6c0488eea96ab?s=96&d=mm&r=g\",\"caption\":\"adminbashkia\"},\"sameAs\":[\"https:\\\/\\\/bashkiakucove.gov.al\"],\"url\":\"https:\\\/\\\/bashkiakucove.gov.al\\\/?author=1\"}]}<\/script>\n<!-- \/ Yoast SEO plugin. -->","yoast_head_json":{"title":"Festa e Ullirit! - Bashkia Kucove","description":"Festa e Ullirit n\u00eb Perondi \u00ebsht\u00eb nj\u00eb ngjarje tradicionale q\u00eb kremton pasurin\u00eb bujq\u00ebsore dhe kultur\u00ebn e ullirit n\u00eb k\u00ebt\u00eb zon\u00eb. \u00c7do vit, banor\u00ebt dhe vizitor\u00ebt mblidhen p\u00ebr t\u00eb nderuar k\u00ebt\u00eb pem\u00eb simbol t\u00eb begatis\u00eb dhe pun\u00ebs s\u00eb ndershme. Gjat\u00eb fest\u00ebs zhvillohen panaire produktesh vendase, ekspozita, muzik\u00eb, valle popullore dhe degustime t\u00eb vajit t\u00eb fresk\u00ebt t\u00eb ullirit, duke e kthyer Perondin\u00eb n\u00eb nj\u00eb qend\u00ebr g\u00ebzimi, tradite dhe bashkimi komunitar.","robots":{"index":"index","follow":"follow","max-snippet":"max-snippet:-1","max-image-preview":"max-image-preview:large","max-video-preview":"max-video-preview:-1"},"canonical":"https:\/\/bashkiakucove.gov.al\/?p=3544","og_locale":"en_US","og_type":"article","og_title":"Festa e Ullirit! - Bashkia Kucove","og_description":"Festa e Ullirit n\u00eb Perondi \u00ebsht\u00eb nj\u00eb ngjarje tradicionale q\u00eb kremton pasurin\u00eb bujq\u00ebsore dhe kultur\u00ebn e ullirit n\u00eb k\u00ebt\u00eb zon\u00eb. \u00c7do vit, banor\u00ebt dhe vizitor\u00ebt mblidhen p\u00ebr t\u00eb nderuar k\u00ebt\u00eb pem\u00eb simbol t\u00eb begatis\u00eb dhe pun\u00ebs s\u00eb ndershme. Gjat\u00eb fest\u00ebs zhvillohen panaire produktesh vendase, ekspozita, muzik\u00eb, valle popullore dhe degustime t\u00eb vajit t\u00eb fresk\u00ebt t\u00eb ullirit, duke e kthyer Perondin\u00eb n\u00eb nj\u00eb qend\u00ebr g\u00ebzimi, tradite dhe bashkimi komunitar.","og_url":"https:\/\/bashkiakucove.gov.al\/?p=3544","og_site_name":"Bashkia Kucove","article_published_time":"2025-10-27T10:38:41+00:00","article_modified_time":"2025-10-27T10:38:44+00:00","og_image":[{"width":1280,"height":704,"url":"https:\/\/bashkiakucove.gov.al\/wp-content\/uploads\/2025\/10\/festa-e-ullirit.jpg8_.jpg","type":"image\/jpeg"}],"author":"adminbashkia","twitter_card":"summary_large_image","twitter_misc":{"Written by":"adminbashkia","Est. reading time":"1 minute"},"schema":{"@context":"https:\/\/schema.org","@graph":[{"@type":"Article","@id":"https:\/\/bashkiakucove.gov.al\/?p=3544#article","isPartOf":{"@id":"https:\/\/bashkiakucove.gov.al\/?p=3544"},"author":{"name":"adminbashkia","@id":"https:\/\/bashkiakucove.gov.al\/#\/schema\/person\/cb3f6928b40516cdd8179bc89261a124"},"headline":"Festa e Ullirit!","datePublished":"2025-10-27T10:38:41+00:00","dateModified":"2025-10-27T10:38:44+00:00","mainEntityOfPage":{"@id":"https:\/\/bashkiakucove.gov.al\/?p=3544"},"wordCount":83,"commentCount":0,"image":{"@id":"https:\/\/bashkiakucove.gov.al\/?p=3544#primaryimage"},"thumbnailUrl":"https:\/\/bashkiakucove.gov.al\/wp-content\/uploads\/2025\/10\/festa-e-ullirit.jpg8_.jpg","articleSection":["Aktivitete"],"inLanguage":"en-US","potentialAction":[{"@type":"CommentAction","name":"Comment","target":["https:\/\/bashkiakucove.gov.al\/?p=3544#respond"]}]},{"@type":"WebPage","@id":"https:\/\/bashkiakucove.gov.al\/?p=3544","url":"https:\/\/bashkiakucove.gov.al\/?p=3544","name":"Festa e Ullirit! - Bashkia Kucove","isPartOf":{"@id":"https:\/\/bashkiakucove.gov.al\/#website"},"primaryImageOfPage":{"@id":"https:\/\/bashkiakucove.gov.al\/?p=3544#primaryimage"},"image":{"@id":"https:\/\/bashkiakucove.gov.al\/?p=3544#primaryimage"},"thumbnailUrl":"https:\/\/bashkiakucove.gov.al\/wp-content\/uploads\/2025\/10\/festa-e-ullirit.jpg8_.jpg","datePublished":"2025-10-27T10:38:41+00:00","dateModified":"2025-10-27T10:38:44+00:00","author":{"@id":"https:\/\/bashkiakucove.gov.al\/#\/schema\/person\/cb3f6928b40516cdd8179bc89261a124"},"description":"Festa e Ullirit n\u00eb Perondi \u00ebsht\u00eb nj\u00eb ngjarje tradicionale q\u00eb kremton pasurin\u00eb bujq\u00ebsore dhe kultur\u00ebn e ullirit n\u00eb k\u00ebt\u00eb zon\u00eb. \u00c7do vit, banor\u00ebt dhe vizitor\u00ebt mblidhen p\u00ebr t\u00eb nderuar k\u00ebt\u00eb pem\u00eb simbol t\u00eb begatis\u00eb dhe pun\u00ebs s\u00eb ndershme. Gjat\u00eb fest\u00ebs zhvillohen panaire produktesh vendase, ekspozita, muzik\u00eb, valle popullore dhe degustime t\u00eb vajit t\u00eb fresk\u00ebt t\u00eb ullirit, duke e kthyer Perondin\u00eb n\u00eb nj\u00eb qend\u00ebr g\u00ebzimi, tradite dhe bashkimi komunitar.","breadcrumb":{"@id":"https:\/\/bashkiakucove.gov.al\/?p=3544#breadcrumb"},"inLanguage":"en-US","potentialAction":[{"@type":"ReadAction","target":["https:\/\/bashkiakucove.gov.al\/?p=3544"]}]},{"@type":"ImageObject","inLanguage":"en-US","@id":"https:\/\/bashkiakucove.gov.al\/?p=3544#primaryimage","url":"https:\/\/bashkiakucove.gov.al\/wp-content\/uploads\/2025\/10\/festa-e-ullirit.jpg8_.jpg","contentUrl":"https:\/\/bashkiakucove.gov.al\/wp-content\/uploads\/2025\/10\/festa-e-ullirit.jpg8_.jpg","width":1280,"height":704},{"@type":"BreadcrumbList","@id":"https:\/\/bashkiakucove.gov.al\/?p=3544#breadcrumb","itemListElement":[{"@type":"ListItem","position":1,"name":"Home","item":"https:\/\/bashkiakucove.gov.al\/"},{"@type":"ListItem","position":2,"name":"Festa e Ullirit!"}]},{"@type":"WebSite","@id":"https:\/\/bashkiakucove.gov.al\/#website","url":"https:\/\/bashkiakucove.gov.al\/","name":"Bashkia Kucove","description":"Bashkia Kucove","potentialAction":[{"@type":"SearchAction","target":{"@type":"EntryPoint","urlTemplate":"https:\/\/bashkiakucove.gov.al\/?s={search_term_string}"},"query-input":{"@type":"PropertyValueSpecification","valueRequired":true,"valueName":"search_term_string"}}],"inLanguage":"en-US"},{"@type":"Person","@id":"https:\/\/bashkiakucove.gov.al\/#\/schema\/person\/cb3f6928b40516cdd8179bc89261a124","name":"adminbashkia","image":{"@type":"ImageObject","inLanguage":"en-US","@id":"https:\/\/secure.gravatar.com\/avatar\/832353fa8e503ffd080be0beaa6e904e056cff0a4096d9b880d6c0488eea96ab?s=96&d=mm&r=g","url":"https:\/\/secure.gravatar.com\/avatar\/832353fa8e503ffd080be0beaa6e904e056cff0a4096d9b880d6c0488eea96ab?s=96&d=mm&r=g","contentUrl":"https:\/\/secure.gravatar.com\/avatar\/832353fa8e503ffd080be0beaa6e904e056cff0a4096d9b880d6c0488eea96ab?s=96&d=mm&r=g","caption":"adminbashkia"},"sameAs":["https:\/\/bashkiakucove.gov.al"],"url":"https:\/\/bashkiakucove.gov.al\/?author=1"}]}},"_links":{"self":[{"href":"https:\/\/bashkiakucove.gov.al\/index.php?rest_route=\/wp\/v2\/posts\/3544","targetHints":{"allow":["GET"]}}],"collection":[{"href":"https:\/\/bashkiakucove.gov.al\/index.php?rest_route=\/wp\/v2\/posts"}],"about":[{"href":"https:\/\/bashkiakucove.gov.al\/index.php?rest_route=\/wp\/v2\/types\/post"}],"author":[{"embeddable":true,"href":"https:\/\/bashkiakucove.gov.al\/index.php?rest_route=\/wp\/v2\/users\/1"}],"replies":[{"embeddable":true,"href":"https:\/\/bashkiakucove.gov.al\/index.php?rest_route=%2Fwp%2Fv2%2Fcomments&post=3544"}],"version-history":[{"count":1,"href":"https:\/\/bashkiakucove.gov.al\/index.php?rest_route=\/wp\/v2\/posts\/3544\/revisions"}],"predecessor-version":[{"id":3563,"href":"https:\/\/bashkiakucove.gov.al\/index.php?rest_route=\/wp\/v2\/posts\/3544\/revisions\/3563"}],"wp:featuredmedia":[{"embeddable":true,"href":"https:\/\/bashkiakucove.gov.al\/index.php?rest_route=\/wp\/v2\/media\/3553"}],"wp:attachment":[{"href":"https:\/\/bashkiakucove.gov.al\/index.php?rest_route=%2Fwp%2Fv2%2Fmedia&parent=3544"}],"wp:term":[{"taxonomy":"category","embeddable":true,"href":"https:\/\/bashkiakucove.gov.al\/index.php?rest_route=%2Fwp%2Fv2%2Fcategories&post=3544"},{"taxonomy":"post_tag","embeddable":true,"href":"https:\/\/bashkiakucove.gov.al\/index.php?rest_route=%2Fwp%2Fv2%2Ftags&post=3544"}],"curies":[{"name":"wp","href":"https:\/\/api.w.org\/{rel}","templated":true}]}}