{"id":4123,"date":"2026-04-03T12:28:37","date_gmt":"2026-04-03T10:28:37","guid":{"rendered":"https:\/\/bashkiakucove.gov.al\/?p=4123"},"modified":"2026-04-03T12:58:01","modified_gmt":"2026-04-03T10:58:01","slug":"paktea-e-maleve","status":"publish","type":"post","link":"https:\/\/bashkiakucove.gov.al\/?p=4123","title":{"rendered":"Paktea e Maleve!"},"content":{"rendered":"\n<p>\ud83c\udfd4\ufe0f Paketa e Maleve \u2013 19 zona prioritare t\u00eb miratuara n\u00eb Bashkin\u00eb Ku\u00e7ov\u00eb.<\/p>\n\n\n\n<p>Bashkia Ku\u00e7ov\u00eb tashm\u00eb \u00ebsht\u00eb pjes\u00eb e Paket\u00ebs s\u00eb Maleve, me 19 zona prioritare t\u00eb miratuara p\u00ebr zhvillim.<\/p>\n\n\n\n<p>\ud83d\udccd Kjo nism\u00eb hap rrug\u00ebn p\u00ebr m\u00eb shum\u00eb investime, rritje ekonomike dhe zhvillim t\u00eb q\u00ebndruesh\u00ebm n\u00eb zonat tona rurale dhe malore.<\/p>\n\n\n\n<p>M\u00eb posht\u00eb do t\u00eb gjeni zonat me p\u00ebrpar\u00ebsi p\u00ebr zhvillimin e ekonomis\u00eb malore n\u00eb Bashkin\u00eb Ku\u00e7ov\u00eb , si dhe t\u00eb gjith\u00eb procedur\u00ebn e aplikimit.<\/p>\n\n\n\n<p>Kliko k\u00ebtu\u27a1\ufe0f<a href=\"https:\/\/bashkiakucove.gov.al\/?page_id=4120\">https:\/\/bashkiakucove.gov.al\/?page_id=4120<\/a><\/p>\n\n\n\n<p><\/p>\n","protected":false},"excerpt":{"rendered":"<p>\ud83c\udfd4\ufe0f Paketa e Maleve \u2013 19 zona prioritare t\u00eb miratuara n\u00eb Bashkin\u00eb Ku\u00e7ov\u00eb. Bashkia Ku\u00e7ov\u00eb tashm\u00eb \u00ebsht\u00eb pjes\u00eb e Paket\u00ebs s\u00eb Maleve, me 19 zona prioritare t\u00eb miratuara p\u00ebr zhvillim. \ud83d\udccd Kjo nism\u00eb hap rrug\u00ebn p\u00ebr m\u00eb shum\u00eb investime, rritje ekonomike dhe zhvillim t\u00eb q\u00ebndruesh\u00ebm n\u00eb zonat tona rurale dhe malore. M\u00eb posht\u00eb do t\u00eb [&hellip;]<\/p>\n","protected":false},"author":1,"featured_media":4124,"comment_status":"open","ping_status":"closed","sticky":false,"template":"","format":"standard","meta":{"_acf_changed":false,"footnotes":""},"categories":[174],"tags":[],"class_list":["post-4123","post","type-post","status-publish","format-standard","has-post-thumbnail","hentry","category-paketa-e-maleve"],"acf":[],"yoast_head":"<!-- This site is optimized with the Yoast SEO plugin v27.3 - https:\/\/yoast.com\/product\/yoast-seo-wordpress\/ -->\n<title>Paktea e Maleve! - Bashkia Kucove<\/title>\n<meta name=\"description\" content=\"\ud83c\udfd4\ufe0f Paketa e Maleve \u2013 19 zona prioritare t\u00eb miratuara n\u00eb Bashkin\u00eb Ku\u00e7ov\u00eb.Bashkia Ku\u00e7ov\u00eb tashm\u00eb \u00ebsht\u00eb pjes\u00eb e Paket\u00ebs s\u00eb Maleve, me 19 zona prioritare t\u00eb miratuara p\u00ebr zhvillim.\ud83d\udccd Kjo nism\u00eb hap rrug\u00ebn p\u00ebr m\u00eb shum\u00eb investime, rritje ekonomike dhe zhvillim t\u00eb q\u00ebndruesh\u00ebm n\u00eb zonat tona rurale dhe malore.M\u00eb posht\u00eb do t\u00eb gjeni zonat me p\u00ebrpar\u00ebsi p\u00ebr zhvillimin e ekonomis\u00eb malore n\u00eb Bashkin\u00eb Ku\u00e7ov\u00eb , si dhe t\u00eb gjith\u00eb procedur\u00ebn e aplikimit.\" \/>\n<meta name=\"robots\" content=\"index, follow, max-snippet:-1, max-image-preview:large, max-video-preview:-1\" \/>\n<link rel=\"canonical\" href=\"https:\/\/bashkiakucove.gov.al\/?p=4123\" \/>\n<meta property=\"og:locale\" content=\"en_US\" \/>\n<meta property=\"og:type\" content=\"article\" \/>\n<meta property=\"og:title\" content=\"Paktea e Maleve! - Bashkia Kucove\" \/>\n<meta property=\"og:description\" content=\"\ud83c\udfd4\ufe0f Paketa e Maleve \u2013 19 zona prioritare t\u00eb miratuara n\u00eb Bashkin\u00eb Ku\u00e7ov\u00eb.Bashkia Ku\u00e7ov\u00eb tashm\u00eb \u00ebsht\u00eb pjes\u00eb e Paket\u00ebs s\u00eb Maleve, me 19 zona prioritare t\u00eb miratuara p\u00ebr zhvillim.\ud83d\udccd Kjo nism\u00eb hap rrug\u00ebn p\u00ebr m\u00eb shum\u00eb investime, rritje ekonomike dhe zhvillim t\u00eb q\u00ebndruesh\u00ebm n\u00eb zonat tona rurale dhe malore.M\u00eb posht\u00eb do t\u00eb gjeni zonat me p\u00ebrpar\u00ebsi p\u00ebr zhvillimin e ekonomis\u00eb malore n\u00eb Bashkin\u00eb Ku\u00e7ov\u00eb , si dhe t\u00eb gjith\u00eb procedur\u00ebn e aplikimit.\" \/>\n<meta property=\"og:url\" content=\"https:\/\/bashkiakucove.gov.al\/?p=4123\" \/>\n<meta property=\"og:site_name\" content=\"Bashkia Kucove\" \/>\n<meta property=\"article:published_time\" content=\"2026-04-03T10:28:37+00:00\" \/>\n<meta property=\"article:modified_time\" content=\"2026-04-03T10:58:01+00:00\" \/>\n<meta property=\"og:image\" content=\"https:\/\/bashkiakucove.gov.al\/wp-content\/uploads\/2026\/04\/Paketa-e-maleve.png\" \/>\n\t<meta property=\"og:image:width\" content=\"1536\" \/>\n\t<meta property=\"og:image:height\" content=\"993\" \/>\n\t<meta property=\"og:image:type\" content=\"image\/png\" \/>\n<meta name=\"author\" content=\"adminbashkia\" \/>\n<meta name=\"twitter:card\" content=\"summary_large_image\" \/>\n<meta name=\"twitter:label1\" content=\"Written by\" \/>\n\t<meta name=\"twitter:data1\" content=\"adminbashkia\" \/>\n\t<meta name=\"twitter:label2\" content=\"Est. reading time\" \/>\n\t<meta name=\"twitter:data2\" content=\"1 minute\" \/>\n<script type=\"application\/ld+json\" class=\"yoast-schema-graph\">{\"@context\":\"https:\\\/\\\/schema.org\",\"@graph\":[{\"@type\":\"Article\",\"@id\":\"https:\\\/\\\/bashkiakucove.gov.al\\\/?p=4123#article\",\"isPartOf\":{\"@id\":\"https:\\\/\\\/bashkiakucove.gov.al\\\/?p=4123\"},\"author\":{\"name\":\"adminbashkia\",\"@id\":\"https:\\\/\\\/bashkiakucove.gov.al\\\/#\\\/schema\\\/person\\\/cb3f6928b40516cdd8179bc89261a124\"},\"headline\":\"Paktea e Maleve!\",\"datePublished\":\"2026-04-03T10:28:37+00:00\",\"dateModified\":\"2026-04-03T10:58:01+00:00\",\"mainEntityOfPage\":{\"@id\":\"https:\\\/\\\/bashkiakucove.gov.al\\\/?p=4123\"},\"wordCount\":94,\"commentCount\":0,\"image\":{\"@id\":\"https:\\\/\\\/bashkiakucove.gov.al\\\/?p=4123#primaryimage\"},\"thumbnailUrl\":\"https:\\\/\\\/bashkiakucove.gov.al\\\/wp-content\\\/uploads\\\/2026\\\/04\\\/Paketa-e-maleve.png\",\"articleSection\":[\"Paketa e Maleve\"],\"inLanguage\":\"en-US\",\"potentialAction\":[{\"@type\":\"CommentAction\",\"name\":\"Comment\",\"target\":[\"https:\\\/\\\/bashkiakucove.gov.al\\\/?p=4123#respond\"]}]},{\"@type\":\"WebPage\",\"@id\":\"https:\\\/\\\/bashkiakucove.gov.al\\\/?p=4123\",\"url\":\"https:\\\/\\\/bashkiakucove.gov.al\\\/?p=4123\",\"name\":\"Paktea e Maleve! - Bashkia Kucove\",\"isPartOf\":{\"@id\":\"https:\\\/\\\/bashkiakucove.gov.al\\\/#website\"},\"primaryImageOfPage\":{\"@id\":\"https:\\\/\\\/bashkiakucove.gov.al\\\/?p=4123#primaryimage\"},\"image\":{\"@id\":\"https:\\\/\\\/bashkiakucove.gov.al\\\/?p=4123#primaryimage\"},\"thumbnailUrl\":\"https:\\\/\\\/bashkiakucove.gov.al\\\/wp-content\\\/uploads\\\/2026\\\/04\\\/Paketa-e-maleve.png\",\"datePublished\":\"2026-04-03T10:28:37+00:00\",\"dateModified\":\"2026-04-03T10:58:01+00:00\",\"author\":{\"@id\":\"https:\\\/\\\/bashkiakucove.gov.al\\\/#\\\/schema\\\/person\\\/cb3f6928b40516cdd8179bc89261a124\"},\"description\":\"\ud83c\udfd4\ufe0f Paketa e Maleve \u2013 19 zona prioritare t\u00eb miratuara n\u00eb Bashkin\u00eb Ku\u00e7ov\u00eb.Bashkia Ku\u00e7ov\u00eb tashm\u00eb \u00ebsht\u00eb pjes\u00eb e Paket\u00ebs s\u00eb Maleve, me 19 zona prioritare t\u00eb miratuara p\u00ebr zhvillim.\ud83d\udccd Kjo nism\u00eb hap rrug\u00ebn p\u00ebr m\u00eb shum\u00eb investime, rritje ekonomike dhe zhvillim t\u00eb q\u00ebndruesh\u00ebm n\u00eb zonat tona rurale dhe malore.M\u00eb posht\u00eb do t\u00eb gjeni zonat me p\u00ebrpar\u00ebsi p\u00ebr zhvillimin e ekonomis\u00eb malore n\u00eb Bashkin\u00eb Ku\u00e7ov\u00eb , si dhe t\u00eb gjith\u00eb procedur\u00ebn e aplikimit.\",\"breadcrumb\":{\"@id\":\"https:\\\/\\\/bashkiakucove.gov.al\\\/?p=4123#breadcrumb\"},\"inLanguage\":\"en-US\",\"potentialAction\":[{\"@type\":\"ReadAction\",\"target\":[\"https:\\\/\\\/bashkiakucove.gov.al\\\/?p=4123\"]}]},{\"@type\":\"ImageObject\",\"inLanguage\":\"en-US\",\"@id\":\"https:\\\/\\\/bashkiakucove.gov.al\\\/?p=4123#primaryimage\",\"url\":\"https:\\\/\\\/bashkiakucove.gov.al\\\/wp-content\\\/uploads\\\/2026\\\/04\\\/Paketa-e-maleve.png\",\"contentUrl\":\"https:\\\/\\\/bashkiakucove.gov.al\\\/wp-content\\\/uploads\\\/2026\\\/04\\\/Paketa-e-maleve.png\",\"width\":1536,\"height\":993},{\"@type\":\"BreadcrumbList\",\"@id\":\"https:\\\/\\\/bashkiakucove.gov.al\\\/?p=4123#breadcrumb\",\"itemListElement\":[{\"@type\":\"ListItem\",\"position\":1,\"name\":\"Home\",\"item\":\"https:\\\/\\\/bashkiakucove.gov.al\\\/\"},{\"@type\":\"ListItem\",\"position\":2,\"name\":\"Paktea e Maleve!\"}]},{\"@type\":\"WebSite\",\"@id\":\"https:\\\/\\\/bashkiakucove.gov.al\\\/#website\",\"url\":\"https:\\\/\\\/bashkiakucove.gov.al\\\/\",\"name\":\"Bashkia Kucove\",\"description\":\"Bashkia Kucove\",\"potentialAction\":[{\"@type\":\"SearchAction\",\"target\":{\"@type\":\"EntryPoint\",\"urlTemplate\":\"https:\\\/\\\/bashkiakucove.gov.al\\\/?s={search_term_string}\"},\"query-input\":{\"@type\":\"PropertyValueSpecification\",\"valueRequired\":true,\"valueName\":\"search_term_string\"}}],\"inLanguage\":\"en-US\"},{\"@type\":\"Person\",\"@id\":\"https:\\\/\\\/bashkiakucove.gov.al\\\/#\\\/schema\\\/person\\\/cb3f6928b40516cdd8179bc89261a124\",\"name\":\"adminbashkia\",\"image\":{\"@type\":\"ImageObject\",\"inLanguage\":\"en-US\",\"@id\":\"https:\\\/\\\/secure.gravatar.com\\\/avatar\\\/832353fa8e503ffd080be0beaa6e904e056cff0a4096d9b880d6c0488eea96ab?s=96&d=mm&r=g\",\"url\":\"https:\\\/\\\/secure.gravatar.com\\\/avatar\\\/832353fa8e503ffd080be0beaa6e904e056cff0a4096d9b880d6c0488eea96ab?s=96&d=mm&r=g\",\"contentUrl\":\"https:\\\/\\\/secure.gravatar.com\\\/avatar\\\/832353fa8e503ffd080be0beaa6e904e056cff0a4096d9b880d6c0488eea96ab?s=96&d=mm&r=g\",\"caption\":\"adminbashkia\"},\"sameAs\":[\"https:\\\/\\\/bashkiakucove.gov.al\"],\"url\":\"https:\\\/\\\/bashkiakucove.gov.al\\\/?author=1\"}]}<\/script>\n<!-- \/ Yoast SEO plugin. -->","yoast_head_json":{"title":"Paktea e Maleve! - Bashkia Kucove","description":"\ud83c\udfd4\ufe0f Paketa e Maleve \u2013 19 zona prioritare t\u00eb miratuara n\u00eb Bashkin\u00eb Ku\u00e7ov\u00eb.Bashkia Ku\u00e7ov\u00eb tashm\u00eb \u00ebsht\u00eb pjes\u00eb e Paket\u00ebs s\u00eb Maleve, me 19 zona prioritare t\u00eb miratuara p\u00ebr zhvillim.\ud83d\udccd Kjo nism\u00eb hap rrug\u00ebn p\u00ebr m\u00eb shum\u00eb investime, rritje ekonomike dhe zhvillim t\u00eb q\u00ebndruesh\u00ebm n\u00eb zonat tona rurale dhe malore.M\u00eb posht\u00eb do t\u00eb gjeni zonat me p\u00ebrpar\u00ebsi p\u00ebr zhvillimin e ekonomis\u00eb malore n\u00eb Bashkin\u00eb Ku\u00e7ov\u00eb , si dhe t\u00eb gjith\u00eb procedur\u00ebn e aplikimit.","robots":{"index":"index","follow":"follow","max-snippet":"max-snippet:-1","max-image-preview":"max-image-preview:large","max-video-preview":"max-video-preview:-1"},"canonical":"https:\/\/bashkiakucove.gov.al\/?p=4123","og_locale":"en_US","og_type":"article","og_title":"Paktea e Maleve! - Bashkia Kucove","og_description":"\ud83c\udfd4\ufe0f Paketa e Maleve \u2013 19 zona prioritare t\u00eb miratuara n\u00eb Bashkin\u00eb Ku\u00e7ov\u00eb.Bashkia Ku\u00e7ov\u00eb tashm\u00eb \u00ebsht\u00eb pjes\u00eb e Paket\u00ebs s\u00eb Maleve, me 19 zona prioritare t\u00eb miratuara p\u00ebr zhvillim.\ud83d\udccd Kjo nism\u00eb hap rrug\u00ebn p\u00ebr m\u00eb shum\u00eb investime, rritje ekonomike dhe zhvillim t\u00eb q\u00ebndruesh\u00ebm n\u00eb zonat tona rurale dhe malore.M\u00eb posht\u00eb do t\u00eb gjeni zonat me p\u00ebrpar\u00ebsi p\u00ebr zhvillimin e ekonomis\u00eb malore n\u00eb Bashkin\u00eb Ku\u00e7ov\u00eb , si dhe t\u00eb gjith\u00eb procedur\u00ebn e aplikimit.","og_url":"https:\/\/bashkiakucove.gov.al\/?p=4123","og_site_name":"Bashkia Kucove","article_published_time":"2026-04-03T10:28:37+00:00","article_modified_time":"2026-04-03T10:58:01+00:00","og_image":[{"width":1536,"height":993,"url":"https:\/\/bashkiakucove.gov.al\/wp-content\/uploads\/2026\/04\/Paketa-e-maleve.png","type":"image\/png"}],"author":"adminbashkia","twitter_card":"summary_large_image","twitter_misc":{"Written by":"adminbashkia","Est. reading time":"1 minute"},"schema":{"@context":"https:\/\/schema.org","@graph":[{"@type":"Article","@id":"https:\/\/bashkiakucove.gov.al\/?p=4123#article","isPartOf":{"@id":"https:\/\/bashkiakucove.gov.al\/?p=4123"},"author":{"name":"adminbashkia","@id":"https:\/\/bashkiakucove.gov.al\/#\/schema\/person\/cb3f6928b40516cdd8179bc89261a124"},"headline":"Paktea e Maleve!","datePublished":"2026-04-03T10:28:37+00:00","dateModified":"2026-04-03T10:58:01+00:00","mainEntityOfPage":{"@id":"https:\/\/bashkiakucove.gov.al\/?p=4123"},"wordCount":94,"commentCount":0,"image":{"@id":"https:\/\/bashkiakucove.gov.al\/?p=4123#primaryimage"},"thumbnailUrl":"https:\/\/bashkiakucove.gov.al\/wp-content\/uploads\/2026\/04\/Paketa-e-maleve.png","articleSection":["Paketa e Maleve"],"inLanguage":"en-US","potentialAction":[{"@type":"CommentAction","name":"Comment","target":["https:\/\/bashkiakucove.gov.al\/?p=4123#respond"]}]},{"@type":"WebPage","@id":"https:\/\/bashkiakucove.gov.al\/?p=4123","url":"https:\/\/bashkiakucove.gov.al\/?p=4123","name":"Paktea e Maleve! - Bashkia Kucove","isPartOf":{"@id":"https:\/\/bashkiakucove.gov.al\/#website"},"primaryImageOfPage":{"@id":"https:\/\/bashkiakucove.gov.al\/?p=4123#primaryimage"},"image":{"@id":"https:\/\/bashkiakucove.gov.al\/?p=4123#primaryimage"},"thumbnailUrl":"https:\/\/bashkiakucove.gov.al\/wp-content\/uploads\/2026\/04\/Paketa-e-maleve.png","datePublished":"2026-04-03T10:28:37+00:00","dateModified":"2026-04-03T10:58:01+00:00","author":{"@id":"https:\/\/bashkiakucove.gov.al\/#\/schema\/person\/cb3f6928b40516cdd8179bc89261a124"},"description":"\ud83c\udfd4\ufe0f Paketa e Maleve \u2013 19 zona prioritare t\u00eb miratuara n\u00eb Bashkin\u00eb Ku\u00e7ov\u00eb.Bashkia Ku\u00e7ov\u00eb tashm\u00eb \u00ebsht\u00eb pjes\u00eb e Paket\u00ebs s\u00eb Maleve, me 19 zona prioritare t\u00eb miratuara p\u00ebr zhvillim.\ud83d\udccd Kjo nism\u00eb hap rrug\u00ebn p\u00ebr m\u00eb shum\u00eb investime, rritje ekonomike dhe zhvillim t\u00eb q\u00ebndruesh\u00ebm n\u00eb zonat tona rurale dhe malore.M\u00eb posht\u00eb do t\u00eb gjeni zonat me p\u00ebrpar\u00ebsi p\u00ebr zhvillimin e ekonomis\u00eb malore n\u00eb Bashkin\u00eb Ku\u00e7ov\u00eb , si dhe t\u00eb gjith\u00eb procedur\u00ebn e aplikimit.","breadcrumb":{"@id":"https:\/\/bashkiakucove.gov.al\/?p=4123#breadcrumb"},"inLanguage":"en-US","potentialAction":[{"@type":"ReadAction","target":["https:\/\/bashkiakucove.gov.al\/?p=4123"]}]},{"@type":"ImageObject","inLanguage":"en-US","@id":"https:\/\/bashkiakucove.gov.al\/?p=4123#primaryimage","url":"https:\/\/bashkiakucove.gov.al\/wp-content\/uploads\/2026\/04\/Paketa-e-maleve.png","contentUrl":"https:\/\/bashkiakucove.gov.al\/wp-content\/uploads\/2026\/04\/Paketa-e-maleve.png","width":1536,"height":993},{"@type":"BreadcrumbList","@id":"https:\/\/bashkiakucove.gov.al\/?p=4123#breadcrumb","itemListElement":[{"@type":"ListItem","position":1,"name":"Home","item":"https:\/\/bashkiakucove.gov.al\/"},{"@type":"ListItem","position":2,"name":"Paktea e Maleve!"}]},{"@type":"WebSite","@id":"https:\/\/bashkiakucove.gov.al\/#website","url":"https:\/\/bashkiakucove.gov.al\/","name":"Bashkia Kucove","description":"Bashkia Kucove","potentialAction":[{"@type":"SearchAction","target":{"@type":"EntryPoint","urlTemplate":"https:\/\/bashkiakucove.gov.al\/?s={search_term_string}"},"query-input":{"@type":"PropertyValueSpecification","valueRequired":true,"valueName":"search_term_string"}}],"inLanguage":"en-US"},{"@type":"Person","@id":"https:\/\/bashkiakucove.gov.al\/#\/schema\/person\/cb3f6928b40516cdd8179bc89261a124","name":"adminbashkia","image":{"@type":"ImageObject","inLanguage":"en-US","@id":"https:\/\/secure.gravatar.com\/avatar\/832353fa8e503ffd080be0beaa6e904e056cff0a4096d9b880d6c0488eea96ab?s=96&d=mm&r=g","url":"https:\/\/secure.gravatar.com\/avatar\/832353fa8e503ffd080be0beaa6e904e056cff0a4096d9b880d6c0488eea96ab?s=96&d=mm&r=g","contentUrl":"https:\/\/secure.gravatar.com\/avatar\/832353fa8e503ffd080be0beaa6e904e056cff0a4096d9b880d6c0488eea96ab?s=96&d=mm&r=g","caption":"adminbashkia"},"sameAs":["https:\/\/bashkiakucove.gov.al"],"url":"https:\/\/bashkiakucove.gov.al\/?author=1"}]}},"_links":{"self":[{"href":"https:\/\/bashkiakucove.gov.al\/index.php?rest_route=\/wp\/v2\/posts\/4123","targetHints":{"allow":["GET"]}}],"collection":[{"href":"https:\/\/bashkiakucove.gov.al\/index.php?rest_route=\/wp\/v2\/posts"}],"about":[{"href":"https:\/\/bashkiakucove.gov.al\/index.php?rest_route=\/wp\/v2\/types\/post"}],"author":[{"embeddable":true,"href":"https:\/\/bashkiakucove.gov.al\/index.php?rest_route=\/wp\/v2\/users\/1"}],"replies":[{"embeddable":true,"href":"https:\/\/bashkiakucove.gov.al\/index.php?rest_route=%2Fwp%2Fv2%2Fcomments&post=4123"}],"version-history":[{"count":3,"href":"https:\/\/bashkiakucove.gov.al\/index.php?rest_route=\/wp\/v2\/posts\/4123\/revisions"}],"predecessor-version":[{"id":4137,"href":"https:\/\/bashkiakucove.gov.al\/index.php?rest_route=\/wp\/v2\/posts\/4123\/revisions\/4137"}],"wp:featuredmedia":[{"embeddable":true,"href":"https:\/\/bashkiakucove.gov.al\/index.php?rest_route=\/wp\/v2\/media\/4124"}],"wp:attachment":[{"href":"https:\/\/bashkiakucove.gov.al\/index.php?rest_route=%2Fwp%2Fv2%2Fmedia&parent=4123"}],"wp:term":[{"taxonomy":"category","embeddable":true,"href":"https:\/\/bashkiakucove.gov.al\/index.php?rest_route=%2Fwp%2Fv2%2Fcategories&post=4123"},{"taxonomy":"post_tag","embeddable":true,"href":"https:\/\/bashkiakucove.gov.al\/index.php?rest_route=%2Fwp%2Fv2%2Ftags&post=4123"}],"curies":[{"name":"wp","href":"https:\/\/api.w.org\/{rel}","templated":true}]}}